{"id":287,"date":"2026-04-06T18:06:01","date_gmt":"2026-04-06T16:06:01","guid":{"rendered":"https:\/\/www.proforum.sk\/?p=287"},"modified":"2026-04-08T10:32:02","modified_gmt":"2026-04-08T08:32:02","slug":"medzinarodny-projekt-pokrokove-strategie-v-dobe-krajne-pravicoveho-transnacionalizmu","status":"publish","type":"post","link":"https:\/\/www.proforum.sk\/?p=287","title":{"rendered":"Medzin\u00e1rodn\u00fd projekt &#8222;Pokrokov\u00e9 strat\u00e9gie v dobe krajne pravicov\u00e9ho transnacionalizmu&#8220;"},"content":{"rendered":"\n<p>Spolupr\u00e1ca Profora s Foundation for European Progressive Studies (FEPS, Brusel), Res Publica (Protugalsko) a Friedrich-Ebert Stiftung. <\/p>\n\n\n\n<p class=\"has-text-align-left\" id=\"tw-target-text\">Od glob\u00e1lnej kr\u00edzy v rokoch 2007 \u2013 2008 krajne pravicov\u00e9 hnutia v\u00fdrazne roz\u0161\u00edrili svoj vplyv a spochybnili liber\u00e1lne demokratick\u00e9 syst\u00e9my v celej Eur\u00f3pe a mimo nej. Namiesto toho, aby t\u00e1to kr\u00edza podnietila o\u017eivenie soci\u00e1lnodemokratick\u00fdch alternat\u00edv, zintenz\u00edvnila politick\u00fa fragment\u00e1ciu a polariz\u00e1ciu a vytvorila \u00farodn\u00fa p\u00f4du pre krajne pravicov\u00fdch akt\u00e9rov. Medzi v\u00fdznamn\u00e9 ned\u00e1vne eur\u00f3pske pr\u00edklady patr\u00ed strana Fratelli d&#8217;Italia Giorgie Meloni, ktor\u00e1 vytvorila najpravicovej\u0161iu vl\u00e1du v krajine od druhej svetovej vojny; Strana slobody Geerta Wildersa, ktor\u00e1 doned\u00e1vna viedla krajne pravicov\u00fa konzervat\u00edvnu koal\u00edciu v Holandsku; rak\u00faska Strana slobody zaznamenala v\u00fdrazn\u00e9 volebn\u00e9 zisky; a nemeck\u00e1 Alternat\u00edva pre Nemecko sa do roku 2025 stala druhou najv\u00e4\u010d\u0161ou stranou. Podobn\u00e9 trendy sa objavili na celom svete, pri\u010dom v Indii p\u00f4sob\u00ed hinduisticko-nacionalistick\u00e1 Bharatiya Janata Party Narendru Modiho, v Braz\u00edlii prezidentstvo Jaira Bolsonara a v Spojen\u00fdch \u0161t\u00e1toch sa vr\u00e1til Donald Trump do \u00faradu.<br><br>Na rozdiel od historick\u00fdch krajne pravicov\u00fdch hnut\u00ed sa s\u00fa\u010dasn\u00ed akt\u00e9ri \u010dasto prezentuj\u00fa ako mor\u00e1lni reformisti, ktor\u00fdch cie\u013eom je napravi\u0165 zlyh\u00e1vaj\u00faci neoliber\u00e1lny poriadok. Ich populistick\u00e1 r\u00e9torika oslovuje \u0161irok\u00fa verejnos\u0165 a pri\u0165ahuje voli\u010dov sklaman\u00fdch z tradi\u010dnej politiky t\u00fdm, \u017ee zneu\u017e\u00edva obavy z ekonomickej neistoty, kult\u00farnych zmien a roz\u010darovania z demokracie. Ekonomick\u00e9 \u0165a\u017ekosti, najm\u00e4 medzi marginalizovan\u00fdmi skupinami, poskytli obzvl\u00e1\u0161\u0165 \u00farodn\u00fd z\u00e1klad. Okrem toho kult\u00farny odpor vo\u010di progres\u00edvnemu pokroku v oblasti rodovej rovnosti, sekulariz\u00e1cie a pr\u00e1v LGBTQ+ umo\u017enil krajnej pravici zosilni\u0165 rozde\u013euj\u00face kult\u00farne narat\u00edvy. Pretrv\u00e1vaj\u00face kr\u00edzy riadenia a klesaj\u00faca d\u00f4vera v demokratick\u00e9 in\u0161tit\u00facie navy\u0161e umo\u017enili t\u00fdmto hnutiam prezentova\u0165 sa ako d\u00f4veryhodn\u00e9 alternat\u00edvy s\u013eubuj\u00face stabilitu a n\u00e1vrat k tradi\u010dn\u00fdm hodnot\u00e1m. S\u00fa\u010dasn\u00e1 krajn\u00e1 pravica strategicky p\u00f4sob\u00ed v demokratick\u00fdch r\u00e1mcoch a sna\u017e\u00ed sa nielen o volebn\u00fd \u00faspech, ale aj o hlbok\u00e9 posuny smerom k autorit\u00e1rskym, antipluralistick\u00fdm modelom riadenia. Ich diskurz sa be\u017ene stavia proti imigr\u00e1cii, islamu, liberalizmu a &#8222;progresivizmu&#8220;, pri\u010dom propaguje nacionalizmus, tradi\u010dn\u00e9 rodinn\u00e9 \u00falohy, suverenitu a n\u00e1bo\u017eensk\u00fd konzervativizmus.<br><br>V tomto kontexte je nadn\u00e1rodn\u00e1 spolupr\u00e1ca \u010doraz k\u013e\u00fa\u010dovej\u0161ia pri podpore \u00faspechov krajnej pravice, a preto tvor\u00ed \u00fastredn\u00e9 zameranie spolo\u010dn\u00e9ho v\u00fdskumn\u00e9ho projektu. Hoci dom\u00e1ce faktory zost\u00e1vaj\u00fa d\u00f4le\u017eit\u00e9, predch\u00e1dzaj\u00face \u0161t\u00fadie zd\u00f4raz\u0148uj\u00fa, \u017ee cezhrani\u010dn\u00e1 v\u00fdmena narat\u00edvov, strat\u00e9gi\u00ed a zdrojov v\u00fdznamne zosil\u0148uje \u00fasilie krajnej pravice. V nadv\u00e4znosti na tieto existuj\u00face vedeck\u00e9 poznatky sa tento projekt zaober\u00e1 zost\u00e1vaj\u00facimi medzerami a jeho cie\u013eom je vyvin\u00fa\u0165 ak\u010dn\u00e9 strat\u00e9gie, ktor\u00e9 pom\u00f4\u017eu progres\u00edvnym akt\u00e9rom lep\u0161ie pochopi\u0165 a p\u00f4sobi\u0165 proti t\u00fdmto nadn\u00e1rodn\u00fdm prepojeniam.<\/p>\n\n\n\n<p class=\"has-text-align-left\">V r\u00e1mci projektu prebehli tri okr\u00fahle stoly: prv\u00fd v Bruseli zameran\u00fd na strat\u00e9gie boja proti krajnej pravici etablovanej v Eur\u00f3pskom parlamente. Druh\u00fd okr\u00fahly st\u00f4l v Lisabone sa zameriaval na pr\u00ed\u010diny rastu krajnej pravice a na tre\u0165om stretnut\u00ed sa experti z r\u00f4znych oblast\u00ed stretli s cie\u013eom prediskutova\u0165 strat\u00e9gie, ako m\u00f4\u017eu soci\u00e1lne demokratick\u00e9 strany a demokratick\u00ed akt\u00e9ri \u010deli\u0165 rastu krajnej pravice. Stretnutia sa akt\u00edvne z\u00fa\u010dastnila aj podpredsedn\u00ed\u010dka Strany eur\u00f3pskych socialistov a s\u00fa\u010dasn\u00e1 nemeck\u00e1 europoslanky\u0148a za SPD Katarina Barley.<\/p>\n\n\n\n<p>Pozrite si v\u00fdstupy z okr\u00fahlych stolov, kr\u00e1tky policy brief &#8222;Mus\u00ed existova\u0165 aj alternat\u00edva&#8220; <a href=\"https:\/\/feps-europe.eu\/wp-content\/uploads\/2026\/03\/There-must-be-an-alternative-1-1.pdf \">https:\/\/feps-europe.eu\/wp-content\/uploads\/2026\/03\/There-must-be-an-alternative-1-1.pdf <\/a><br>ako aj k postupu proti krajnej pravici v Eur\u00f3pskom parlamente: <a href=\"https:\/\/feps-europe.eu\/wp-content\/uploads\/2026\/03\/Countering-the-far-right1.pdf\">https:\/\/feps-europe.eu\/wp-content\/uploads\/2026\/03\/Countering-the-far-right1.pdf<\/a><\/p>\n\n\n\n<figure class=\"wp-block-image size-large\"><img loading=\"lazy\" decoding=\"async\" width=\"1024\" height=\"768\" src=\"https:\/\/www.proforum.sk\/wp-content\/uploads\/2026\/04\/Ateny2-1024x768.jpg\" alt=\"\" class=\"wp-image-288\" srcset=\"https:\/\/www.proforum.sk\/wp-content\/uploads\/2026\/04\/Ateny2-1024x768.jpg 1024w, https:\/\/www.proforum.sk\/wp-content\/uploads\/2026\/04\/Ateny2-300x225.jpg 300w, https:\/\/www.proforum.sk\/wp-content\/uploads\/2026\/04\/Ateny2-768x576.jpg 768w, https:\/\/www.proforum.sk\/wp-content\/uploads\/2026\/04\/Ateny2-1536x1152.jpg 1536w, https:\/\/www.proforum.sk\/wp-content\/uploads\/2026\/04\/Ateny2.jpg 2000w\" sizes=\"auto, (max-width: 1024px) 100vw, 1024px\" \/><\/figure>\n\n\n\n<figure class=\"wp-block-image size-large\"><img loading=\"lazy\" decoding=\"async\" width=\"1024\" height=\"768\" src=\"https:\/\/www.proforum.sk\/wp-content\/uploads\/2026\/04\/Ateny3-1024x768.jpg\" alt=\"\" class=\"wp-image-289\" srcset=\"https:\/\/www.proforum.sk\/wp-content\/uploads\/2026\/04\/Ateny3-1024x768.jpg 1024w, https:\/\/www.proforum.sk\/wp-content\/uploads\/2026\/04\/Ateny3-300x225.jpg 300w, https:\/\/www.proforum.sk\/wp-content\/uploads\/2026\/04\/Ateny3-768x576.jpg 768w, https:\/\/www.proforum.sk\/wp-content\/uploads\/2026\/04\/Ateny3-1536x1152.jpg 1536w, https:\/\/www.proforum.sk\/wp-content\/uploads\/2026\/04\/Ateny3.jpg 1600w\" sizes=\"auto, (max-width: 1024px) 100vw, 1024px\" \/><\/figure>\n","protected":false},"excerpt":{"rendered":"<p>Spolupr\u00e1ca Profora s Foundation for European Progressive Studies (FEPS, Brusel), Res Publica (Protugalsko) a Friedrich-Ebert Stiftung. Od glob\u00e1lnej kr\u00edzy v rokoch 2007 \u2013 2008 krajne pravicov\u00e9 hnutia v\u00fdrazne roz\u0161\u00edrili svoj vplyv a spochybnili liber\u00e1lne demokratick\u00e9 syst\u00e9my v celej Eur\u00f3pe a mimo nej. Namiesto toho, aby t\u00e1to kr\u00edza podnietila o\u017eivenie soci\u00e1lnodemokratick\u00fdch alternat\u00edv, zintenz\u00edvnila politick\u00fa fragment\u00e1ciu a [&hellip;]<\/p>\n","protected":false},"author":1,"featured_media":292,"comment_status":"closed","ping_status":"open","sticky":false,"template":"","format":"standard","meta":{"_monsterinsights_skip_tracking":false,"_monsterinsights_sitenote_active":false,"_monsterinsights_sitenote_note":"","_monsterinsights_sitenote_category":0,"footnotes":""},"categories":[1],"tags":[37,38,28],"class_list":["post-287","post","type-post","status-publish","format-standard","has-post-thumbnail","hentry","category-nezaradene","tag-krajna-pravica","tag-spolupraca","tag-vlada"],"yoast_head":"<!-- This site is optimized with the Yoast SEO plugin v22.6 - https:\/\/yoast.com\/wordpress\/plugins\/seo\/ -->\n<title>Medzin\u00e1rodn\u00fd projekt &quot;Pokrokov\u00e9 strat\u00e9gie v dobe krajne pravicov\u00e9ho transnacionalizmu&quot; - Proforum<\/title>\n<meta name=\"robots\" content=\"index, follow, max-snippet:-1, max-image-preview:large, max-video-preview:-1\" \/>\n<link rel=\"canonical\" href=\"https:\/\/www.proforum.sk\/?p=287\" \/>\n<meta property=\"og:locale\" content=\"sk_SK\" \/>\n<meta property=\"og:type\" content=\"article\" \/>\n<meta property=\"og:title\" content=\"Medzin\u00e1rodn\u00fd projekt &quot;Pokrokov\u00e9 strat\u00e9gie v dobe krajne pravicov\u00e9ho transnacionalizmu&quot; - Proforum\" \/>\n<meta property=\"og:description\" content=\"Spolupr\u00e1ca Profora s Foundation for European Progressive Studies (FEPS, Brusel), Res Publica (Protugalsko) a Friedrich-Ebert Stiftung. Od glob\u00e1lnej kr\u00edzy v rokoch 2007 \u2013 2008 krajne pravicov\u00e9 hnutia v\u00fdrazne roz\u0161\u00edrili svoj vplyv a spochybnili liber\u00e1lne demokratick\u00e9 syst\u00e9my v celej Eur\u00f3pe a mimo nej. Namiesto toho, aby t\u00e1to kr\u00edza podnietila o\u017eivenie soci\u00e1lnodemokratick\u00fdch alternat\u00edv, zintenz\u00edvnila politick\u00fa fragment\u00e1ciu a [&hellip;]\" \/>\n<meta property=\"og:url\" content=\"https:\/\/www.proforum.sk\/?p=287\" \/>\n<meta property=\"og:site_name\" content=\"Proforum\" \/>\n<meta property=\"article:published_time\" content=\"2026-04-06T16:06:01+00:00\" \/>\n<meta property=\"article:modified_time\" content=\"2026-04-08T08:32:02+00:00\" \/>\n<meta property=\"og:image\" content=\"https:\/\/www.proforum.sk\/wp-content\/uploads\/2026\/04\/ateny1.jpg\" \/>\n\t<meta property=\"og:image:width\" content=\"2000\" \/>\n\t<meta property=\"og:image:height\" content=\"1500\" \/>\n\t<meta property=\"og:image:type\" content=\"image\/jpeg\" \/>\n<meta name=\"author\" content=\"admin\" \/>\n<meta name=\"twitter:card\" content=\"summary_large_image\" \/>\n<meta name=\"twitter:label1\" content=\"Autor\" \/>\n\t<meta name=\"twitter:data1\" content=\"admin\" \/>\n\t<meta name=\"twitter:label2\" content=\"Predpokladan\u00fd \u010das \u010d\u00edtania\" \/>\n\t<meta name=\"twitter:data2\" content=\"4 min\u00faty\" \/>\n<script type=\"application\/ld+json\" class=\"yoast-schema-graph\">{\"@context\":\"https:\/\/schema.org\",\"@graph\":[{\"@type\":\"Article\",\"@id\":\"https:\/\/www.proforum.sk\/?p=287#article\",\"isPartOf\":{\"@id\":\"https:\/\/www.proforum.sk\/?p=287\"},\"author\":{\"name\":\"admin\",\"@id\":\"https:\/\/www.proforum.sk\/#\/schema\/person\/b0439d52e012c683934be1c6a15ff117\"},\"headline\":\"Medzin\u00e1rodn\u00fd projekt &#8222;Pokrokov\u00e9 strat\u00e9gie v dobe krajne pravicov\u00e9ho transnacionalizmu&#8220;\",\"datePublished\":\"2026-04-06T16:06:01+00:00\",\"dateModified\":\"2026-04-08T08:32:02+00:00\",\"mainEntityOfPage\":{\"@id\":\"https:\/\/www.proforum.sk\/?p=287\"},\"wordCount\":662,\"publisher\":{\"@id\":\"https:\/\/www.proforum.sk\/#organization\"},\"image\":{\"@id\":\"https:\/\/www.proforum.sk\/?p=287#primaryimage\"},\"thumbnailUrl\":\"https:\/\/www.proforum.sk\/wp-content\/uploads\/2026\/04\/ateny1.jpg\",\"keywords\":[\"krajn\u00e1 pravica\",\"spolupr\u00e1ca\",\"vl\u00e1da\"],\"inLanguage\":\"sk-SK\"},{\"@type\":\"WebPage\",\"@id\":\"https:\/\/www.proforum.sk\/?p=287\",\"url\":\"https:\/\/www.proforum.sk\/?p=287\",\"name\":\"Medzin\u00e1rodn\u00fd projekt \\\"Pokrokov\u00e9 strat\u00e9gie v dobe krajne pravicov\u00e9ho transnacionalizmu\\\" - Proforum\",\"isPartOf\":{\"@id\":\"https:\/\/www.proforum.sk\/#website\"},\"primaryImageOfPage\":{\"@id\":\"https:\/\/www.proforum.sk\/?p=287#primaryimage\"},\"image\":{\"@id\":\"https:\/\/www.proforum.sk\/?p=287#primaryimage\"},\"thumbnailUrl\":\"https:\/\/www.proforum.sk\/wp-content\/uploads\/2026\/04\/ateny1.jpg\",\"datePublished\":\"2026-04-06T16:06:01+00:00\",\"dateModified\":\"2026-04-08T08:32:02+00:00\",\"breadcrumb\":{\"@id\":\"https:\/\/www.proforum.sk\/?p=287#breadcrumb\"},\"inLanguage\":\"sk-SK\",\"potentialAction\":[{\"@type\":\"ReadAction\",\"target\":[\"https:\/\/www.proforum.sk\/?p=287\"]}]},{\"@type\":\"ImageObject\",\"inLanguage\":\"sk-SK\",\"@id\":\"https:\/\/www.proforum.sk\/?p=287#primaryimage\",\"url\":\"https:\/\/www.proforum.sk\/wp-content\/uploads\/2026\/04\/ateny1.jpg\",\"contentUrl\":\"https:\/\/www.proforum.sk\/wp-content\/uploads\/2026\/04\/ateny1.jpg\",\"width\":2000,\"height\":1500},{\"@type\":\"BreadcrumbList\",\"@id\":\"https:\/\/www.proforum.sk\/?p=287#breadcrumb\",\"itemListElement\":[{\"@type\":\"ListItem\",\"position\":1,\"name\":\"Home\",\"item\":\"https:\/\/www.proforum.sk\/\"},{\"@type\":\"ListItem\",\"position\":2,\"name\":\"Medzin\u00e1rodn\u00fd projekt &#8222;Pokrokov\u00e9 strat\u00e9gie v dobe krajne pravicov\u00e9ho transnacionalizmu&#8220;\"}]},{\"@type\":\"WebSite\",\"@id\":\"https:\/\/www.proforum.sk\/#website\",\"url\":\"https:\/\/www.proforum.sk\/\",\"name\":\"Proforum\",\"description\":\"\",\"publisher\":{\"@id\":\"https:\/\/www.proforum.sk\/#organization\"},\"potentialAction\":[{\"@type\":\"SearchAction\",\"target\":{\"@type\":\"EntryPoint\",\"urlTemplate\":\"https:\/\/www.proforum.sk\/?s={search_term_string}\"},\"query-input\":\"required name=search_term_string\"}],\"inLanguage\":\"sk-SK\"},{\"@type\":\"Organization\",\"@id\":\"https:\/\/www.proforum.sk\/#organization\",\"name\":\"Proforum\",\"url\":\"https:\/\/www.proforum.sk\/\",\"logo\":{\"@type\":\"ImageObject\",\"inLanguage\":\"sk-SK\",\"@id\":\"https:\/\/www.proforum.sk\/#\/schema\/logo\/image\/\",\"url\":\"https:\/\/www.proforum.sk\/wp-content\/uploads\/2024\/08\/cropped-Logo-Proforum-1.jpg\",\"contentUrl\":\"https:\/\/www.proforum.sk\/wp-content\/uploads\/2024\/08\/cropped-Logo-Proforum-1.jpg\",\"width\":103,\"height\":100,\"caption\":\"Proforum\"},\"image\":{\"@id\":\"https:\/\/www.proforum.sk\/#\/schema\/logo\/image\/\"}},{\"@type\":\"Person\",\"@id\":\"https:\/\/www.proforum.sk\/#\/schema\/person\/b0439d52e012c683934be1c6a15ff117\",\"name\":\"admin\",\"image\":{\"@type\":\"ImageObject\",\"inLanguage\":\"sk-SK\",\"@id\":\"https:\/\/www.proforum.sk\/#\/schema\/person\/image\/\",\"url\":\"https:\/\/secure.gravatar.com\/avatar\/67c06cf3d60563697fc99455ee973c92?s=96&d=mm&r=g\",\"contentUrl\":\"https:\/\/secure.gravatar.com\/avatar\/67c06cf3d60563697fc99455ee973c92?s=96&d=mm&r=g\",\"caption\":\"admin\"},\"sameAs\":[\"https:\/\/www.proforum.sk\"],\"url\":\"https:\/\/www.proforum.sk\/?author=1\"}]}<\/script>\n<!-- \/ Yoast SEO plugin. -->","yoast_head_json":{"title":"Medzin\u00e1rodn\u00fd projekt \"Pokrokov\u00e9 strat\u00e9gie v dobe krajne pravicov\u00e9ho transnacionalizmu\" - Proforum","robots":{"index":"index","follow":"follow","max-snippet":"max-snippet:-1","max-image-preview":"max-image-preview:large","max-video-preview":"max-video-preview:-1"},"canonical":"https:\/\/www.proforum.sk\/?p=287","og_locale":"sk_SK","og_type":"article","og_title":"Medzin\u00e1rodn\u00fd projekt \"Pokrokov\u00e9 strat\u00e9gie v dobe krajne pravicov\u00e9ho transnacionalizmu\" - Proforum","og_description":"Spolupr\u00e1ca Profora s Foundation for European Progressive Studies (FEPS, Brusel), Res Publica (Protugalsko) a Friedrich-Ebert Stiftung. Od glob\u00e1lnej kr\u00edzy v rokoch 2007 \u2013 2008 krajne pravicov\u00e9 hnutia v\u00fdrazne roz\u0161\u00edrili svoj vplyv a spochybnili liber\u00e1lne demokratick\u00e9 syst\u00e9my v celej Eur\u00f3pe a mimo nej. Namiesto toho, aby t\u00e1to kr\u00edza podnietila o\u017eivenie soci\u00e1lnodemokratick\u00fdch alternat\u00edv, zintenz\u00edvnila politick\u00fa fragment\u00e1ciu a [&hellip;]","og_url":"https:\/\/www.proforum.sk\/?p=287","og_site_name":"Proforum","article_published_time":"2026-04-06T16:06:01+00:00","article_modified_time":"2026-04-08T08:32:02+00:00","og_image":[{"width":2000,"height":1500,"url":"https:\/\/www.proforum.sk\/wp-content\/uploads\/2026\/04\/ateny1.jpg","type":"image\/jpeg"}],"author":"admin","twitter_card":"summary_large_image","twitter_misc":{"Autor":"admin","Predpokladan\u00fd \u010das \u010d\u00edtania":"4 min\u00faty"},"schema":{"@context":"https:\/\/schema.org","@graph":[{"@type":"Article","@id":"https:\/\/www.proforum.sk\/?p=287#article","isPartOf":{"@id":"https:\/\/www.proforum.sk\/?p=287"},"author":{"name":"admin","@id":"https:\/\/www.proforum.sk\/#\/schema\/person\/b0439d52e012c683934be1c6a15ff117"},"headline":"Medzin\u00e1rodn\u00fd projekt &#8222;Pokrokov\u00e9 strat\u00e9gie v dobe krajne pravicov\u00e9ho transnacionalizmu&#8220;","datePublished":"2026-04-06T16:06:01+00:00","dateModified":"2026-04-08T08:32:02+00:00","mainEntityOfPage":{"@id":"https:\/\/www.proforum.sk\/?p=287"},"wordCount":662,"publisher":{"@id":"https:\/\/www.proforum.sk\/#organization"},"image":{"@id":"https:\/\/www.proforum.sk\/?p=287#primaryimage"},"thumbnailUrl":"https:\/\/www.proforum.sk\/wp-content\/uploads\/2026\/04\/ateny1.jpg","keywords":["krajn\u00e1 pravica","spolupr\u00e1ca","vl\u00e1da"],"inLanguage":"sk-SK"},{"@type":"WebPage","@id":"https:\/\/www.proforum.sk\/?p=287","url":"https:\/\/www.proforum.sk\/?p=287","name":"Medzin\u00e1rodn\u00fd projekt \"Pokrokov\u00e9 strat\u00e9gie v dobe krajne pravicov\u00e9ho transnacionalizmu\" - Proforum","isPartOf":{"@id":"https:\/\/www.proforum.sk\/#website"},"primaryImageOfPage":{"@id":"https:\/\/www.proforum.sk\/?p=287#primaryimage"},"image":{"@id":"https:\/\/www.proforum.sk\/?p=287#primaryimage"},"thumbnailUrl":"https:\/\/www.proforum.sk\/wp-content\/uploads\/2026\/04\/ateny1.jpg","datePublished":"2026-04-06T16:06:01+00:00","dateModified":"2026-04-08T08:32:02+00:00","breadcrumb":{"@id":"https:\/\/www.proforum.sk\/?p=287#breadcrumb"},"inLanguage":"sk-SK","potentialAction":[{"@type":"ReadAction","target":["https:\/\/www.proforum.sk\/?p=287"]}]},{"@type":"ImageObject","inLanguage":"sk-SK","@id":"https:\/\/www.proforum.sk\/?p=287#primaryimage","url":"https:\/\/www.proforum.sk\/wp-content\/uploads\/2026\/04\/ateny1.jpg","contentUrl":"https:\/\/www.proforum.sk\/wp-content\/uploads\/2026\/04\/ateny1.jpg","width":2000,"height":1500},{"@type":"BreadcrumbList","@id":"https:\/\/www.proforum.sk\/?p=287#breadcrumb","itemListElement":[{"@type":"ListItem","position":1,"name":"Home","item":"https:\/\/www.proforum.sk\/"},{"@type":"ListItem","position":2,"name":"Medzin\u00e1rodn\u00fd projekt &#8222;Pokrokov\u00e9 strat\u00e9gie v dobe krajne pravicov\u00e9ho transnacionalizmu&#8220;"}]},{"@type":"WebSite","@id":"https:\/\/www.proforum.sk\/#website","url":"https:\/\/www.proforum.sk\/","name":"Proforum","description":"","publisher":{"@id":"https:\/\/www.proforum.sk\/#organization"},"potentialAction":[{"@type":"SearchAction","target":{"@type":"EntryPoint","urlTemplate":"https:\/\/www.proforum.sk\/?s={search_term_string}"},"query-input":"required name=search_term_string"}],"inLanguage":"sk-SK"},{"@type":"Organization","@id":"https:\/\/www.proforum.sk\/#organization","name":"Proforum","url":"https:\/\/www.proforum.sk\/","logo":{"@type":"ImageObject","inLanguage":"sk-SK","@id":"https:\/\/www.proforum.sk\/#\/schema\/logo\/image\/","url":"https:\/\/www.proforum.sk\/wp-content\/uploads\/2024\/08\/cropped-Logo-Proforum-1.jpg","contentUrl":"https:\/\/www.proforum.sk\/wp-content\/uploads\/2024\/08\/cropped-Logo-Proforum-1.jpg","width":103,"height":100,"caption":"Proforum"},"image":{"@id":"https:\/\/www.proforum.sk\/#\/schema\/logo\/image\/"}},{"@type":"Person","@id":"https:\/\/www.proforum.sk\/#\/schema\/person\/b0439d52e012c683934be1c6a15ff117","name":"admin","image":{"@type":"ImageObject","inLanguage":"sk-SK","@id":"https:\/\/www.proforum.sk\/#\/schema\/person\/image\/","url":"https:\/\/secure.gravatar.com\/avatar\/67c06cf3d60563697fc99455ee973c92?s=96&d=mm&r=g","contentUrl":"https:\/\/secure.gravatar.com\/avatar\/67c06cf3d60563697fc99455ee973c92?s=96&d=mm&r=g","caption":"admin"},"sameAs":["https:\/\/www.proforum.sk"],"url":"https:\/\/www.proforum.sk\/?author=1"}]}},"_links":{"self":[{"href":"https:\/\/www.proforum.sk\/index.php?rest_route=\/wp\/v2\/posts\/287","targetHints":{"allow":["GET"]}}],"collection":[{"href":"https:\/\/www.proforum.sk\/index.php?rest_route=\/wp\/v2\/posts"}],"about":[{"href":"https:\/\/www.proforum.sk\/index.php?rest_route=\/wp\/v2\/types\/post"}],"author":[{"embeddable":true,"href":"https:\/\/www.proforum.sk\/index.php?rest_route=\/wp\/v2\/users\/1"}],"replies":[{"embeddable":true,"href":"https:\/\/www.proforum.sk\/index.php?rest_route=%2Fwp%2Fv2%2Fcomments&post=287"}],"version-history":[{"count":4,"href":"https:\/\/www.proforum.sk\/index.php?rest_route=\/wp\/v2\/posts\/287\/revisions"}],"predecessor-version":[{"id":295,"href":"https:\/\/www.proforum.sk\/index.php?rest_route=\/wp\/v2\/posts\/287\/revisions\/295"}],"wp:featuredmedia":[{"embeddable":true,"href":"https:\/\/www.proforum.sk\/index.php?rest_route=\/wp\/v2\/media\/292"}],"wp:attachment":[{"href":"https:\/\/www.proforum.sk\/index.php?rest_route=%2Fwp%2Fv2%2Fmedia&parent=287"}],"wp:term":[{"taxonomy":"category","embeddable":true,"href":"https:\/\/www.proforum.sk\/index.php?rest_route=%2Fwp%2Fv2%2Fcategories&post=287"},{"taxonomy":"post_tag","embeddable":true,"href":"https:\/\/www.proforum.sk\/index.php?rest_route=%2Fwp%2Fv2%2Ftags&post=287"}],"curies":[{"name":"wp","href":"https:\/\/api.w.org\/{rel}","templated":true}]}}